{"id":2643,"date":"2019-09-24T22:20:06","date_gmt":"2019-09-25T03:20:06","guid":{"rendered":"https:\/\/www.codeuniversel.com\/fr\/?p=2643"},"modified":"2019-09-26T21:08:08","modified_gmt":"2019-09-27T02:08:08","slug":"la-culture-une-affaire-collective","status":"publish","type":"post","link":"https:\/\/www.codeuniversel.com\/fr\/2019\/09\/la-culture-une-affaire-collective\/","title":{"rendered":"La culture, une affaire collective!"},"content":{"rendered":"<div  class=\"fusion-fullwidth fullwidth-box nonhundred-percent-fullwidth\"  style='background-color: rgba(255,255,255,0);background-position: center center;background-repeat: no-repeat;padding-top:20px;padding-right:0px;padding-bottom:20px;padding-left:0px;'><div class=\"fusion-builder-row fusion-row \"><div  class=\"fusion-layout-column fusion_builder_column fusion_builder_column_1_1  fusion-one-full fusion-column-first fusion-column-last 1_1\"  style='margin-top:0px;margin-bottom:0px;'>\n\t\t\t<div class=\"fusion-column-wrapper\"  style=\"background-position:left top;background-repeat:no-repeat;-webkit-background-size:cover;-moz-background-size:cover;-o-background-size:cover;background-size:cover;\"  data-bg-url=\"\">\n\t\t\t\t<h2><span style=\"color: #e10707;\"><em>Les Veill\u00e9es <\/em>dans le quartier de La Pointe-de-Sainte-Foy<\/span><\/h2>\n<h3><em>\u00ab\u00a0Partout o\u00f9 ils passent, les Veilleurs apportent de la couleur dans le quotidien des gens qu\u2019ils rencontrent en offrant, sans retour, leur art \u00e0 travers des actions culturelles. Ils exercent aussi une veille sur la culture, le patrimoine et l\u2019histoire de notre soci\u00e9t\u00e9.\u00a0\u00bb<\/em><\/h3>\n<p><strong>Du 26 septembre au 19 octobre 2019 <\/strong>la compagnie <a href=\"https:\/\/www.codeuniversel.com\/fr\/code-universel\/\"><strong>Code Universel<\/strong><\/a> entreprendra sa 7<sup>e<\/sup> \u00e9dition de l\u2019\u00e9v\u00e9nement<a href=\"https:\/\/www.codeuniversel.com\/fr\/veillees\/\"><em> <strong>Les<\/strong><\/em><strong><em>\u00a0Veill\u00e9es<\/em><\/strong><\/a> en investissant artistiquement le quartier de La Pointe-de-Sainte-Foy.<\/p>\n<p>Les Veilleurs invitent la population \u00e0 entrer en contact avec eux \u00e0 leur quartier g\u00e9n\u00e9ral situ\u00e9 au <strong><a href=\"https:\/\/www.google.ca\/maps\/place\/3454+Rue+Rochambeau,+Qu%C3%A9bec,+QC+G1X+2H2\/@46.765644,-71.3275097,17z\/data=!3m1!4b1!4m5!3m4!1s0x4cb890c5f410136f:0x61849c4b386a5f68!8m2!3d46.765644!4d-71.325321\">Chalet du Parc Saint-Beno\u00eet, 3454 rue Rochambeau<\/a><\/strong>. Il sera possible de les voir \u00e0 l\u2019\u0153uvre, d\u2019\u00e9changer avec eux ou encore de manifester votre int\u00e9r\u00eat pour participer \u00e0 l\u2019\u0153uvre collective. Les personnes int\u00e9ress\u00e9es pourront \u00e9galement inviter les Veilleurs dans leurs milieux de vie\u2026 m\u00eame dans leur r\u00e9sidence, pour partager leurs histoires ou prendre part aux activit\u00e9s culturelles.<\/p>\n<h2><\/h2>\n<div class=\"fusion-clearfix\"><\/div>\n\t\t\t<\/div>\n\t\t<\/div><div  class=\"fusion-layout-column fusion_builder_column fusion_builder_column_1_2  fusion-one-half fusion-column-first 1_2\"  style='margin-top:0px;margin-bottom:20px;width:50%;width:calc(50% - ( ( 4% ) * 0.5 ) );margin-right: 4%;'>\n\t\t\t<div class=\"fusion-column-wrapper\"  style=\"background-position:left top;background-repeat:no-repeat;-webkit-background-size:cover;-moz-background-size:cover;-o-background-size:cover;background-size:cover;\"  data-bg-url=\"\">\n\t\t\t\t<div class=\"fusion-video fusion-vimeo\" style=\"max-width:600px;max-height:360px;\"><div class=\"video-shortcode\"><iframe src=\"https:\/\/player.vimeo.com\/video\/360429628?autoplay=0\" width=\"600\" height=\"360\" allowfullscreen><\/iframe><\/div><\/div><p>Ce projet est r\u00e9alis\u00e9 gr\u00e2ce au soutien financier du <strong><a href=\"https:\/\/www.quebec.ca\/culture\/\">gouvernement du Qu\u00e9bec<\/a><\/strong> et de la <strong><a href=\"https:\/\/www.ville.quebec.qc.ca\/citoyens\/art-culture\/mediation\/veillees\/\">Ville de Qu\u00e9bec<\/a><\/strong> dans le cadre de l\u2019<strong><a href=\"https:\/\/www.mcc.gouv.qc.ca\/index.php?id=1761\">Entente de d\u00e9veloppement culturel<\/a><\/strong>.<\/p>\n<div class=\"fusion-clearfix\"><\/div>\n\t\t\t<\/div>\n\t\t<\/div><div  class=\"fusion-layout-column fusion_builder_column fusion_builder_column_1_2  fusion-one-half fusion-column-last 1_2\"  style='margin-top:0px;margin-bottom:20px;width:50%;width:calc(50% - ( ( 4% ) * 0.5 ) );'>\n\t\t\t<div class=\"fusion-column-wrapper\"  style=\"background-position:left top;background-repeat:no-repeat;-webkit-background-size:cover;-moz-background-size:cover;-o-background-size:cover;background-size:cover;\"  data-bg-url=\"\">\n\t\t\t\t<h2><span style=\"color: #e10707;\">La culture, une affaire collective!<\/span><\/h2>\n<p style=\"font-weight: 400;\">Tu veux participer?<br \/>\nTu souhaites recevoir les artistes chez toi?<\/p>\n<p style=\"font-weight: 400;\">Communique avec nous par courriel <a href=\"mailto:direction.adjointe@codeuniversel.com\"><strong>direction.adjointe@codeuniversel.com<\/strong><\/a><br \/>\nou par t\u00e9l\u00e9phone au\u00a0<strong>581 300-6245<\/strong>.<\/p>\n<p style=\"font-weight: 400;\"><a href=\"http:\/\/eepurl.com\/gxuRrr\"><strong>Abonne-toi \u00e0 notre infolettre pour rester \u00e0 jour!<\/strong><\/a><\/p>\n<div class=\"fusion-clearfix\"><\/div>\n\t\t\t<\/div>\n\t\t<\/div><\/div><\/div>\n","protected":false},"excerpt":{"rendered":"","protected":false},"author":4,"featured_media":2657,"comment_status":"closed","ping_status":"closed","sticky":false,"template":"","format":"standard","meta":{"_monsterinsights_skip_tracking":false,"_monsterinsights_sitenote_active":false,"_monsterinsights_sitenote_note":"","_monsterinsights_sitenote_category":0,"footnotes":""},"categories":[17],"tags":[],"class_list":["post-2643","post","type-post","status-publish","format-standard","has-post-thumbnail","hentry","category-nouvelles"],"yoast_head":"<!-- This site is optimized with the Yoast SEO plugin v24.9 - https:\/\/yoast.com\/wordpress\/plugins\/seo\/ -->\n<title>La culture, une affaire collective! - Code Universel<\/title>\n<meta name=\"robots\" content=\"index, follow, max-snippet:-1, max-image-preview:large, max-video-preview:-1\" \/>\n<link rel=\"canonical\" href=\"https:\/\/www.codeuniversel.com\/fr\/2019\/09\/la-culture-une-affaire-collective\/\" \/>\n<meta property=\"og:locale\" content=\"fr_FR\" \/>\n<meta property=\"og:type\" content=\"article\" \/>\n<meta property=\"og:title\" content=\"La culture, une affaire collective! - Code Universel\" \/>\n<meta property=\"og:url\" content=\"https:\/\/www.codeuniversel.com\/fr\/2019\/09\/la-culture-une-affaire-collective\/\" \/>\n<meta property=\"og:site_name\" content=\"Code Universel\" \/>\n<meta property=\"article:published_time\" content=\"2019-09-25T03:20:06+00:00\" \/>\n<meta property=\"article:modified_time\" content=\"2019-09-27T02:08:08+00:00\" \/>\n<meta property=\"og:image\" content=\"https:\/\/www.codeuniversel.com\/fr\/wp-content\/uploads\/2019\/09\/bandeau-veillees.jpg\" \/>\n\t<meta property=\"og:image:width\" content=\"750\" \/>\n\t<meta property=\"og:image:height\" content=\"240\" \/>\n\t<meta property=\"og:image:type\" content=\"image\/jpeg\" \/>\n<meta name=\"author\" content=\"Daniel\" \/>\n<meta name=\"twitter:card\" content=\"summary_large_image\" \/>\n<meta name=\"twitter:label1\" content=\"\u00c9crit par\" \/>\n\t<meta name=\"twitter:data1\" content=\"Daniel\" \/>\n\t<meta name=\"twitter:label2\" content=\"Dur\u00e9e de lecture estim\u00e9e\" \/>\n\t<meta name=\"twitter:data2\" content=\"3 minutes\" \/>\n<script type=\"application\/ld+json\" class=\"yoast-schema-graph\">{\"@context\":\"https:\/\/schema.org\",\"@graph\":[{\"@type\":\"WebPage\",\"@id\":\"https:\/\/www.codeuniversel.com\/fr\/2019\/09\/la-culture-une-affaire-collective\/\",\"url\":\"https:\/\/www.codeuniversel.com\/fr\/2019\/09\/la-culture-une-affaire-collective\/\",\"name\":\"La culture, une affaire collective! - Code Universel\",\"isPartOf\":{\"@id\":\"https:\/\/www.codeuniversel.com\/fr\/#website\"},\"primaryImageOfPage\":{\"@id\":\"https:\/\/www.codeuniversel.com\/fr\/2019\/09\/la-culture-une-affaire-collective\/#primaryimage\"},\"image\":{\"@id\":\"https:\/\/www.codeuniversel.com\/fr\/2019\/09\/la-culture-une-affaire-collective\/#primaryimage\"},\"thumbnailUrl\":\"https:\/\/www.codeuniversel.com\/fr\/wp-content\/uploads\/2019\/09\/bandeau-veillees.jpg\",\"datePublished\":\"2019-09-25T03:20:06+00:00\",\"dateModified\":\"2019-09-27T02:08:08+00:00\",\"author\":{\"@id\":\"https:\/\/www.codeuniversel.com\/fr\/#\/schema\/person\/7890aae6c2d24bdebbd1e2dba752c509\"},\"breadcrumb\":{\"@id\":\"https:\/\/www.codeuniversel.com\/fr\/2019\/09\/la-culture-une-affaire-collective\/#breadcrumb\"},\"inLanguage\":\"fr-FR\",\"potentialAction\":[{\"@type\":\"ReadAction\",\"target\":[\"https:\/\/www.codeuniversel.com\/fr\/2019\/09\/la-culture-une-affaire-collective\/\"]}]},{\"@type\":\"ImageObject\",\"inLanguage\":\"fr-FR\",\"@id\":\"https:\/\/www.codeuniversel.com\/fr\/2019\/09\/la-culture-une-affaire-collective\/#primaryimage\",\"url\":\"https:\/\/www.codeuniversel.com\/fr\/wp-content\/uploads\/2019\/09\/bandeau-veillees.jpg\",\"contentUrl\":\"https:\/\/www.codeuniversel.com\/fr\/wp-content\/uploads\/2019\/09\/bandeau-veillees.jpg\",\"width\":750,\"height\":240},{\"@type\":\"BreadcrumbList\",\"@id\":\"https:\/\/www.codeuniversel.com\/fr\/2019\/09\/la-culture-une-affaire-collective\/#breadcrumb\",\"itemListElement\":[{\"@type\":\"ListItem\",\"position\":1,\"name\":\"Accueil\",\"item\":\"https:\/\/www.codeuniversel.com\/fr\/\"},{\"@type\":\"ListItem\",\"position\":2,\"name\":\"La culture, une affaire collective!\"}]},{\"@type\":\"WebSite\",\"@id\":\"https:\/\/www.codeuniversel.com\/fr\/#website\",\"url\":\"https:\/\/www.codeuniversel.com\/fr\/\",\"name\":\"Code Universel\",\"description\":\"\",\"potentialAction\":[{\"@type\":\"SearchAction\",\"target\":{\"@type\":\"EntryPoint\",\"urlTemplate\":\"https:\/\/www.codeuniversel.com\/fr\/?s={search_term_string}\"},\"query-input\":{\"@type\":\"PropertyValueSpecification\",\"valueRequired\":true,\"valueName\":\"search_term_string\"}}],\"inLanguage\":\"fr-FR\"},{\"@type\":\"Person\",\"@id\":\"https:\/\/www.codeuniversel.com\/fr\/#\/schema\/person\/7890aae6c2d24bdebbd1e2dba752c509\",\"name\":\"Daniel\",\"image\":{\"@type\":\"ImageObject\",\"inLanguage\":\"fr-FR\",\"@id\":\"https:\/\/www.codeuniversel.com\/fr\/#\/schema\/person\/image\/\",\"url\":\"https:\/\/secure.gravatar.com\/avatar\/db583276e3b05401951466a764bbf83c8aab0532bf5b5af959e41fc9c93412bb?s=96&d=mm&r=g\",\"contentUrl\":\"https:\/\/secure.gravatar.com\/avatar\/db583276e3b05401951466a764bbf83c8aab0532bf5b5af959e41fc9c93412bb?s=96&d=mm&r=g\",\"caption\":\"Daniel\"},\"url\":\"https:\/\/www.codeuniversel.com\/fr\/author\/daniel\/\"}]}<\/script>\n<!-- \/ Yoast SEO plugin. -->","yoast_head_json":{"title":"La culture, une affaire collective! - Code Universel","robots":{"index":"index","follow":"follow","max-snippet":"max-snippet:-1","max-image-preview":"max-image-preview:large","max-video-preview":"max-video-preview:-1"},"canonical":"https:\/\/www.codeuniversel.com\/fr\/2019\/09\/la-culture-une-affaire-collective\/","og_locale":"fr_FR","og_type":"article","og_title":"La culture, une affaire collective! - Code Universel","og_url":"https:\/\/www.codeuniversel.com\/fr\/2019\/09\/la-culture-une-affaire-collective\/","og_site_name":"Code Universel","article_published_time":"2019-09-25T03:20:06+00:00","article_modified_time":"2019-09-27T02:08:08+00:00","og_image":[{"width":750,"height":240,"url":"https:\/\/www.codeuniversel.com\/fr\/wp-content\/uploads\/2019\/09\/bandeau-veillees.jpg","type":"image\/jpeg"}],"author":"Daniel","twitter_card":"summary_large_image","twitter_misc":{"\u00c9crit par":"Daniel","Dur\u00e9e de lecture estim\u00e9e":"3 minutes"},"schema":{"@context":"https:\/\/schema.org","@graph":[{"@type":"WebPage","@id":"https:\/\/www.codeuniversel.com\/fr\/2019\/09\/la-culture-une-affaire-collective\/","url":"https:\/\/www.codeuniversel.com\/fr\/2019\/09\/la-culture-une-affaire-collective\/","name":"La culture, une affaire collective! - Code Universel","isPartOf":{"@id":"https:\/\/www.codeuniversel.com\/fr\/#website"},"primaryImageOfPage":{"@id":"https:\/\/www.codeuniversel.com\/fr\/2019\/09\/la-culture-une-affaire-collective\/#primaryimage"},"image":{"@id":"https:\/\/www.codeuniversel.com\/fr\/2019\/09\/la-culture-une-affaire-collective\/#primaryimage"},"thumbnailUrl":"https:\/\/www.codeuniversel.com\/fr\/wp-content\/uploads\/2019\/09\/bandeau-veillees.jpg","datePublished":"2019-09-25T03:20:06+00:00","dateModified":"2019-09-27T02:08:08+00:00","author":{"@id":"https:\/\/www.codeuniversel.com\/fr\/#\/schema\/person\/7890aae6c2d24bdebbd1e2dba752c509"},"breadcrumb":{"@id":"https:\/\/www.codeuniversel.com\/fr\/2019\/09\/la-culture-une-affaire-collective\/#breadcrumb"},"inLanguage":"fr-FR","potentialAction":[{"@type":"ReadAction","target":["https:\/\/www.codeuniversel.com\/fr\/2019\/09\/la-culture-une-affaire-collective\/"]}]},{"@type":"ImageObject","inLanguage":"fr-FR","@id":"https:\/\/www.codeuniversel.com\/fr\/2019\/09\/la-culture-une-affaire-collective\/#primaryimage","url":"https:\/\/www.codeuniversel.com\/fr\/wp-content\/uploads\/2019\/09\/bandeau-veillees.jpg","contentUrl":"https:\/\/www.codeuniversel.com\/fr\/wp-content\/uploads\/2019\/09\/bandeau-veillees.jpg","width":750,"height":240},{"@type":"BreadcrumbList","@id":"https:\/\/www.codeuniversel.com\/fr\/2019\/09\/la-culture-une-affaire-collective\/#breadcrumb","itemListElement":[{"@type":"ListItem","position":1,"name":"Accueil","item":"https:\/\/www.codeuniversel.com\/fr\/"},{"@type":"ListItem","position":2,"name":"La culture, une affaire collective!"}]},{"@type":"WebSite","@id":"https:\/\/www.codeuniversel.com\/fr\/#website","url":"https:\/\/www.codeuniversel.com\/fr\/","name":"Code Universel","description":"","potentialAction":[{"@type":"SearchAction","target":{"@type":"EntryPoint","urlTemplate":"https:\/\/www.codeuniversel.com\/fr\/?s={search_term_string}"},"query-input":{"@type":"PropertyValueSpecification","valueRequired":true,"valueName":"search_term_string"}}],"inLanguage":"fr-FR"},{"@type":"Person","@id":"https:\/\/www.codeuniversel.com\/fr\/#\/schema\/person\/7890aae6c2d24bdebbd1e2dba752c509","name":"Daniel","image":{"@type":"ImageObject","inLanguage":"fr-FR","@id":"https:\/\/www.codeuniversel.com\/fr\/#\/schema\/person\/image\/","url":"https:\/\/secure.gravatar.com\/avatar\/db583276e3b05401951466a764bbf83c8aab0532bf5b5af959e41fc9c93412bb?s=96&d=mm&r=g","contentUrl":"https:\/\/secure.gravatar.com\/avatar\/db583276e3b05401951466a764bbf83c8aab0532bf5b5af959e41fc9c93412bb?s=96&d=mm&r=g","caption":"Daniel"},"url":"https:\/\/www.codeuniversel.com\/fr\/author\/daniel\/"}]}},"_links":{"self":[{"href":"https:\/\/www.codeuniversel.com\/fr\/wp-json\/wp\/v2\/posts\/2643","targetHints":{"allow":["GET"]}}],"collection":[{"href":"https:\/\/www.codeuniversel.com\/fr\/wp-json\/wp\/v2\/posts"}],"about":[{"href":"https:\/\/www.codeuniversel.com\/fr\/wp-json\/wp\/v2\/types\/post"}],"author":[{"embeddable":true,"href":"https:\/\/www.codeuniversel.com\/fr\/wp-json\/wp\/v2\/users\/4"}],"replies":[{"embeddable":true,"href":"https:\/\/www.codeuniversel.com\/fr\/wp-json\/wp\/v2\/comments?post=2643"}],"version-history":[{"count":21,"href":"https:\/\/www.codeuniversel.com\/fr\/wp-json\/wp\/v2\/posts\/2643\/revisions"}],"predecessor-version":[{"id":2676,"href":"https:\/\/www.codeuniversel.com\/fr\/wp-json\/wp\/v2\/posts\/2643\/revisions\/2676"}],"wp:featuredmedia":[{"embeddable":true,"href":"https:\/\/www.codeuniversel.com\/fr\/wp-json\/wp\/v2\/media\/2657"}],"wp:attachment":[{"href":"https:\/\/www.codeuniversel.com\/fr\/wp-json\/wp\/v2\/media?parent=2643"}],"wp:term":[{"taxonomy":"category","embeddable":true,"href":"https:\/\/www.codeuniversel.com\/fr\/wp-json\/wp\/v2\/categories?post=2643"},{"taxonomy":"post_tag","embeddable":true,"href":"https:\/\/www.codeuniversel.com\/fr\/wp-json\/wp\/v2\/tags?post=2643"}],"curies":[{"name":"wp","href":"https:\/\/api.w.org\/{rel}","templated":true}]}}